{"id":6561,"date":"2025-02-05T17:24:21","date_gmt":"2025-02-05T23:24:21","guid":{"rendered":"https:\/\/mam.org\/info\/pressroom\/?p=6561"},"modified":"2025-02-12T13:13:57","modified_gmt":"2025-02-12T19:13:57","slug":"exquisite-renaissance-and-baroque-masterpieces-by-el-greco-velazquez-and-zurbaran-travel-to-the-milwaukee-art-museum-in-may","status":"publish","type":"post","link":"https:\/\/mam.org\/info\/pressroom\/2025\/02\/exquisite-renaissance-and-baroque-masterpieces-by-el-greco-velazquez-and-zurbaran-travel-to-the-milwaukee-art-museum-in-may\/","title":{"rendered":"Exquisite Renaissance and Baroque Masterpieces by El Greco, Vel\u00e1zquez, and Zurbar\u00e1n Travel to the Milwaukee Art Museum in May"},"content":{"rendered":"\n<p><strong><em>The Brilliance of the Spanish World<\/em> showcases awe-inspiring paintings by Hispanic artists who helped shape the art of the Renaissance and Baroque eras.<\/strong><\/p>\n\n\n\n<div style=\"height:1em\" aria-hidden=\"true\" class=\"wp-block-spacer\"><\/div>\n\n\n\n<figure class=\"wp-block-gallery has-nested-images columns-default wp-block-gallery-1 is-layout-flex wp-block-gallery-is-layout-flex\">\n<figure class=\"wp-block-image size-full\"><img loading=\"lazy\" decoding=\"async\" width=\"1000\" height=\"1234\" data-id=\"6565\" src=\"https:\/\/mam.org\/info\/pressroom\/wp-content\/uploads\/2025\/02\/elgreco_saintgerome_resize.jpg\" alt=\"\" class=\"wp-image-6565\" srcset=\"https:\/\/mam.org\/info\/pressroom\/wp-content\/uploads\/2025\/02\/elgreco_saintgerome_resize.jpg 1000w, https:\/\/mam.org\/info\/pressroom\/wp-content\/uploads\/2025\/02\/elgreco_saintgerome_resize-243x300.jpg 243w, https:\/\/mam.org\/info\/pressroom\/wp-content\/uploads\/2025\/02\/elgreco_saintgerome_resize-830x1024.jpg 830w, https:\/\/mam.org\/info\/pressroom\/wp-content\/uploads\/2025\/02\/elgreco_saintgerome_resize-122x150.jpg 122w\" sizes=\"auto, (max-width: 1000px) 100vw, 1000px\" \/><\/figure>\n\n\n\n<figure class=\"wp-block-image size-full\"><img loading=\"lazy\" decoding=\"async\" width=\"1000\" height=\"1532\" data-id=\"6566\" src=\"https:\/\/mam.org\/info\/pressroom\/wp-content\/uploads\/2025\/02\/zurbaran_saintemerentiana_resize.jpg\" alt=\"\" class=\"wp-image-6566\" srcset=\"https:\/\/mam.org\/info\/pressroom\/wp-content\/uploads\/2025\/02\/zurbaran_saintemerentiana_resize.jpg 1000w, https:\/\/mam.org\/info\/pressroom\/wp-content\/uploads\/2025\/02\/zurbaran_saintemerentiana_resize-196x300.jpg 196w, https:\/\/mam.org\/info\/pressroom\/wp-content\/uploads\/2025\/02\/zurbaran_saintemerentiana_resize-668x1024.jpg 668w, https:\/\/mam.org\/info\/pressroom\/wp-content\/uploads\/2025\/02\/zurbaran_saintemerentiana_resize-98x150.jpg 98w\" sizes=\"auto, (max-width: 1000px) 100vw, 1000px\" \/><\/figure>\n<\/figure>\n\n\n\n<p><strong>MILWAUKEE, WI<\/strong>\u2014February 4, 2025\u2014Renaissance and Baroque masterpieces from the most significant collection of Hispanic art outside of Spain travel to the Milwaukee Art Museum this spring for <em>The Brilliance of the Spanish World: El Greco, Vel\u00e1zquez, Zurbar\u00e1n<\/em>. Drawn from the collection of the Hispanic Society Museum &amp; Library, the exhibition features more than 50 works of art by influential Hispanic artists of the era and will be on view May 2\u2013July 27, 2025, in Baker\/Rowland Galleries.<\/p>\n\n\n\n<p>\u201cWe\u2019re honored to partner with the Hispanic Society Museum &amp; Library to bring this exhibition of Renaissance and Baroque treasures to the Midwest,\u201d said <strong>Marcelle Polednik, PhD, Donna and Donald Baumgartner Director<\/strong>.<\/p>\n\n\n\n<div class=\"wp-block-columns is-layout-flex wp-container-core-columns-is-layout-28f84493 wp-block-columns-is-layout-flex\">\n<div class=\"wp-block-column is-layout-flow wp-block-column-is-layout-flow\" style=\"flex-basis:66.66%\">\n<p>In the 16th and 17th centuries, Spain established the first worldwide empire through exploration and colonial conquest, generating wealth that led to the flourishing of art and literature. This exhibition offers a glimpse into this era of artistic ambition and cultural complexity and showcases its artistic legacy with paintings by El Greco, Diego Vel\u00e1zquez, and Bartolom\u00e9 Esteban Murillo, as well as works by artists working in the Spanish Americas.<\/p>\n\n\n\n<p><em>The Brilliance of the Spanish World<\/em> continues the Museum\u2019s tradition of presenting high caliber European art exhibitions, such as <em>Art, Life, Legacy <\/em>(2023); <em>A Modern Vision <\/em>(2019); and <em>Bouguereau &amp; America <\/em>(2019). It provides Midwestern audiences an unparalleled opportunity to experience a concentrated collection of remarkable Renaissance and Baroque paintings by Hispanic artists. Among its roster of renowned artists is Francisco de Zurbar\u00e1n, whose <em>Saint Francis of Assisi in His Tomb<\/em> (1630\/34) defined the ambitious course of the Milwaukee Art Museum\u2019s own European collection.<\/p>\n\n\n\n<p>\u201cThe Zurbar\u00e1n continues to be a centerpiece of the Museum\u2019s collection, awing visitors since its acquisition in 1958,\u201d said <strong>Tanya Paul, Isabel and Alfred Bader Curator of European Art<\/strong>. \u201cI\u2019m delighted to bring to our audiences an extraordinary exhibition, which includes paintings by Zurbar\u00e1n as well as amazing artists visitors may not have encountered before, that will build upon and expand the stories we\u2019re able to share about this significant period in Spanish art history.\u201d<\/p>\n<\/div>\n\n\n\n<div class=\"wp-block-column is-layout-flow wp-block-column-is-layout-flow\" style=\"flex-basis:33.33%\"><div class=\"wp-block-image\">\n<figure class=\"aligncenter size-large\"><img loading=\"lazy\" decoding=\"async\" width=\"552\" height=\"1024\" src=\"https:\/\/mam.org\/info\/pressroom\/wp-content\/uploads\/2025\/02\/Zurbaran_SaintFrancis-552x1024.jpg\" alt=\"\" class=\"wp-image-6575\" srcset=\"https:\/\/mam.org\/info\/pressroom\/wp-content\/uploads\/2025\/02\/Zurbaran_SaintFrancis-552x1024.jpg 552w, https:\/\/mam.org\/info\/pressroom\/wp-content\/uploads\/2025\/02\/Zurbaran_SaintFrancis-162x300.jpg 162w, https:\/\/mam.org\/info\/pressroom\/wp-content\/uploads\/2025\/02\/Zurbaran_SaintFrancis-81x150.jpg 81w, https:\/\/mam.org\/info\/pressroom\/wp-content\/uploads\/2025\/02\/Zurbaran_SaintFrancis.jpg 971w\" sizes=\"auto, (max-width: 552px) 100vw, 552px\" \/><\/figure>\n<\/div><\/div>\n<\/div>\n\n\n\n<p>The exhibition showcases a breadth of paintings from the vividly secular to the profoundly religious created in service of the Roman Catholic faith, whether in Spain or its many colonies. Highlights include:&nbsp;<\/p>\n\n\n\n<ul class=\"wp-block-list\">\n<li><em>Saint Jerome<\/em> by El Greco (Dom\u00e9nikos Theotok\u00f3poulos), ca. 1600. This painting portrays the quintessential early Christian saint holding a crucifix, with books, a skull, and an hourglass before him\u2014all in the artist\u2019s recognizable Mannerist style.<\/li>\n<\/ul>\n\n\n\n<ul class=\"wp-block-list\">\n<li><em>Gaspar de Guzm\u00e1n, Count-Duke of Olivares<\/em> by Diego Vel\u00e1zquez, ca. 1625\u20131626. This magisterial portrait depicts one of the most influential figures of his day and emphasizes the vast power he wielded.<\/li>\n<\/ul>\n\n\n\n<ul class=\"wp-block-list\">\n<li><em>Saint Emerentiana<\/em> by Francisco de Zurbar\u00e1n, ca. 1635\u20131640. This painting portrays the saint holding a book and stones\u2014the instruments of her martyrdom\u2014in a likeness marked by Zurbar\u00e1n\u2019s mastery of sculptural form and the depiction of elaborate textiles.<\/li>\n<\/ul>\n\n\n\n<ul class=\"wp-block-list\">\n<li><em>The Wedding at Canna<\/em> by Nicol\u00e1s de Correa, 1696. This is an <em>enconchado <\/em>that illustrates the biblical story in which Jesus miraculously makes wine from water at a wedding he attends. A unique art form developed in the Spanish colonies in the late 17th century, <em>enconchados <\/em>are paintings on wood panels inlaid with shells and iridescent mother-of-pearl.<\/li>\n<\/ul>\n\n\n\n<ul class=\"wp-block-list\">\n<li><em>The Prodigal Son Among the Swine<\/em> by Bartolom\u00e9 Esteban Murillo, 1656\u20131665. This painting depicts the biblical parable of the Prodigal Son in which a young man begs for forgiveness after squandering his inheritance. This subject was especially relevant as Southern Spain experienced widespread suffering due to plague and famine during Murillo\u2019s lifetime.<\/li>\n<\/ul>\n\n\n\n<p>Programs such as gallery talks and curator-led tours will bring the stories of these subjects to life and highlight achievements from this period in Hispanic history. Shortly after the exhibition opens, the Museum will host Spanish Baroque art scholar and curator Rebecca Long on Thursday, May 15, for a lecture about the art and life of El Greco.<\/p>\n\n\n\n<p><em>The Brilliance of the Spanish World: El Greco, Vel\u00e1zquez, Zurbar\u00e1n<\/em> was curated by Guillaume Kientz, Director and CEO of the Hispanic Society Museum &amp; Library. Its Milwaukee Art Museum presentation was organized by Tanya Paul, Isabel and Alfred Bader Curator of European Art.<\/p>\n\n\n\n<p>This exhibition was organized by the Hispanic Society Museum &amp; Library, with support from The Museum Box.<\/p>\n\n\n\n<div style=\"height:1em\" aria-hidden=\"true\" class=\"wp-block-spacer\"><\/div>\n\n\n\n<h4 class=\"wp-block-heading\"><strong>Sponsors<\/strong>&nbsp;<\/h4>\n\n\n\n<p><strong>Leadership sponsors<\/strong>\u00a0<br>Collectors\u2019 Corner, Inc.\u00a0<br>Milwaukee Art Museum\u2019s Friends of Art\u00a0<br>Carl &amp; Marilynn Thoma Foundation\u00a0<\/p>\n\n\n\n<p><strong>Supporting sponsors<\/strong>\u00a0<br>Bob and Judy Scott\u00a0<br>Wendy Sleight\u00a0<\/p>\n\n\n\n<p><strong>Contributing sponsors<\/strong>\u00a0<br>Jon and Colleen Bassindale\u00a0<br>Anthony and Andrea Bryant\u00a0<\/p>\n\n\n\n<p><strong>Media sponsor<\/strong>\u00a0<br>Milwaukee Journal Sentinel<\/p>\n\n\n\n<p><strong>Supported by<\/strong><br>Travel Wisconsin\u00a0<\/p>\n\n\n\n<p><strong>The Milwaukee Art Museum extends its sincere thanks to the Visionaries<\/strong>.<br>Mark and Debbie Attanasio\u00a0<br>Donna and Donald Baumgartner\u00a0<br>Murph Burke\u00a0<br>The Helmerich Trust\u00a0<br>Kenneth and Alice Kayser\u00a0<br>Joan Lubar and John Crouch\u00a0<br>Joel and Caran Quadracci\u00a0<br>Sue and Bud Selig\u00a0<br>Jeff and Gail Yabuki\u00a0\u00a0<\/p>\n\n\n\n<div style=\"height:1em\" aria-hidden=\"true\" class=\"wp-block-spacer\"><\/div>\n\n\n\n<div class=\"wp-block-group\"><div class=\"wp-block-group__inner-container is-layout-constrained wp-block-group-is-layout-constrained\">\n<h4 class=\"wp-block-heading\">About the Milwaukee Art Museum<\/h4>\n\n\n\n<p>The Milwaukee Art Museum is an essential destination for art and architecture and a vital cultural resource that connects visitors to dynamic art experiences and one another. Housed in iconic buildings by Santiago Calatrava, Eero Saarinen, and David Kahler on a 24-acre lakefront campus, the Museum is Wisconsin\u2019s largest art institution and home to both broad and deep collections, with exceptional holdings in American painting, sculpture, and decorative arts; conceptual and minimalist art; prints and drawings; European art from the Renaissance through the nineteenth century; photography and new media; modern and contemporary design; folk and self-taught art; and twentieth-century Haitian art. A bold symbol of Milwaukee\u2019s ambition and forward-thinking vision, the Museum is a place for community building, education, and celebration that fosters creativity, free speech, and critical discourse for audiences of all ages and backgrounds. For more information, visit <a href=\"https:\/\/mam.org\">mam.org<\/a>.<\/p>\n<\/div><\/div>\n\n\n\n<div style=\"height:1em\" aria-hidden=\"true\" class=\"wp-block-spacer\"><\/div>\n\n\n\n<h4 class=\"wp-block-heading\"><strong>About the Hispanic Society Museum &amp; Library<\/strong>&nbsp;<\/h4>\n\n\n\n<p>The Hispanic Society Museum &amp; Library (HSM&amp;L) is the primary institution and reference library dedicated solely to the preservation, study, understanding, exhibition, and enjoyment of art and cultures of Portuguese- and Spanish-speaking countries and communities. Located in Upper Manhattan in the dynamic Washington Heights neighborhood, the institution has, since its inception, remained free of charge, providing unrivaled access to the most extensive collection of Hispanic art and literature outside of Spain and Latin America.&nbsp;<\/p>\n\n\n\n<p>The HSM&amp;L\u2019s permanent collection is unparalleled in its scope and quality, with half a million items that address nearly every aspect of cultures in Spain, Portugal, and Latin America from antiquity to present day. HSM&amp;L is unmatched in the multidisciplinarity and broad historical and geographical extension of its art collection and library, highlighting Hispanic art and cultures\u2019 incredible breadth as seen through its diverse religious, cultural, and geographical influences. The collection includes masterworks by El Greco, Vel\u00e1zquez, Rodr\u00edguez Ju\u00e1rez, Goya, Campeche, Arrieta, Sorolla, Orozco, and T\u00e0pies; sculptures by Pedro de Mena, Luisa Rold\u00e1n, and Caspicara; and masterpieces in all areas of the decorative arts. The collections\u202fof the\u202fDepartment of Manuscripts and Rare Books are among the most extensive outside Spain and the Library is available as a preeminent center for research on the history, art, and cultures of the Hispanic world. It is open to the public by appointment.&nbsp;&nbsp;<\/p>\n\n\n\n<p>Founded in 1904 by American scholar, philanthropist, and collector Archer M. Huntington, the HSM&amp;L was established on the premise of a passion and curiosity for Hispanic and Latin American art, cultures, and history. While the HSM&amp;L is one of the most historic cultural institutions in New York City, the organization has continued to adapt and serve the local community and growing Hispanic and Latino\u202fpopulations in the United States at large, opening its doors to inspire, enrich, and educate the public.&nbsp;<\/p>\n\n\n\n<figure class=\"wp-block-image size-full is-resized\"><img loading=\"lazy\" decoding=\"async\" width=\"368\" height=\"103\" src=\"http:\/\/mam.org\/info\/pressroom\/wp-content\/uploads\/2025\/02\/hispanic-museum-library.png\" alt=\"Hispanic Museum Library\" class=\"wp-image-6589\" style=\"width:226px;height:auto\" srcset=\"https:\/\/mam.org\/info\/pressroom\/wp-content\/uploads\/2025\/02\/hispanic-museum-library.png 368w, https:\/\/mam.org\/info\/pressroom\/wp-content\/uploads\/2025\/02\/hispanic-museum-library-300x84.png 300w, https:\/\/mam.org\/info\/pressroom\/wp-content\/uploads\/2025\/02\/hispanic-museum-library-150x42.png 150w\" sizes=\"auto, (max-width: 368px) 100vw, 368px\" \/><\/figure>\n\n\n\n<div style=\"height:1.5em\" aria-hidden=\"true\" class=\"wp-block-spacer\"><\/div>\n\n\n\n<h4 class=\"wp-block-heading\">Media Contact<\/h4>\n\n\n\n<p>For more information or to request hi-res images, please contact:<\/p>\n\n\n\n<p><strong>Cortney Heimerl<\/strong><br>Milwaukee Art Museum<br><a href=\"mailto:marketingcommunications@mam.org\">communications@mam.org<\/a><br><a href=\"tel:14149400490\">414-940-0490<\/a><\/p>\n\n\n\n<div style=\"height:2em\" aria-hidden=\"true\" class=\"wp-block-spacer\"><\/div>\n\n\n\n<p><strong>Image:<\/strong><br>1. El Greco (Dom\u00e9nikos Theotok\u00f3poulos) (Greek, 1541\u20131614, active in Italy and Spain), <em>Saint Jerome<\/em>, ca. 1600. Oil on canvas. 80 \u00d7 65 cm. Courtesy of The Hispanic Society of America, New York<br>2. Francisco de Zurbar\u00e1n (Spanish, 1598\u20131664), <em>Saint Emerentiana<\/em>, ca. 1635\u20131640. Oil on canvas. 171.5 \u00d7 105.5 cm. Courtesy of The Hispanic Society of America, New York<br>3. Francisco de Zurbar\u00e1n (Spanish, 1598\u20131664), <em>Saint Francis of Assisi in His Tomb<\/em>, 1630\/34. Oil on canvas. 80 5\/8 \u00d7 44 5\/8 in. (204.79 \u00d7 113.35 cm). Purchase, M1958.70. Photo credit: John R. Glembin<\/p>\n","protected":false},"excerpt":{"rendered":"<p>The Brilliance of the Spanish World showcases awe-inspiring paintings by Hispanic artists who helped shape the art of the Renaissance and Baroque eras.\u00a0<\/p>\n","protected":false},"author":7,"featured_media":0,"comment_status":"closed","ping_status":"closed","sticky":false,"template":"","format":"standard","meta":{"_acf_changed":false,"footnotes":""},"categories":[1],"tags":[],"class_list":["post-6561","post","type-post","status-publish","format-standard","hentry","category-uncategorized"],"acf":[],"_links":{"self":[{"href":"https:\/\/mam.org\/info\/pressroom\/wp-json\/wp\/v2\/posts\/6561","targetHints":{"allow":["GET"]}}],"collection":[{"href":"https:\/\/mam.org\/info\/pressroom\/wp-json\/wp\/v2\/posts"}],"about":[{"href":"https:\/\/mam.org\/info\/pressroom\/wp-json\/wp\/v2\/types\/post"}],"author":[{"embeddable":true,"href":"https:\/\/mam.org\/info\/pressroom\/wp-json\/wp\/v2\/users\/7"}],"replies":[{"embeddable":true,"href":"https:\/\/mam.org\/info\/pressroom\/wp-json\/wp\/v2\/comments?post=6561"}],"version-history":[{"count":19,"href":"https:\/\/mam.org\/info\/pressroom\/wp-json\/wp\/v2\/posts\/6561\/revisions"}],"predecessor-version":[{"id":6595,"href":"https:\/\/mam.org\/info\/pressroom\/wp-json\/wp\/v2\/posts\/6561\/revisions\/6595"}],"wp:attachment":[{"href":"https:\/\/mam.org\/info\/pressroom\/wp-json\/wp\/v2\/media?parent=6561"}],"wp:term":[{"taxonomy":"category","embeddable":true,"href":"https:\/\/mam.org\/info\/pressroom\/wp-json\/wp\/v2\/categories?post=6561"},{"taxonomy":"post_tag","embeddable":true,"href":"https:\/\/mam.org\/info\/pressroom\/wp-json\/wp\/v2\/tags?post=6561"}],"curies":[{"name":"wp","href":"https:\/\/api.w.org\/{rel}","templated":true}]}}